{"id":15095,"date":"2026-04-30T14:13:40","date_gmt":"2026-04-30T13:13:40","guid":{"rendered":"https:\/\/www.dd-secondhome.nl\/?p=15095"},"modified":"2026-04-30T14:13:40","modified_gmt":"2026-04-30T13:13:40","slug":"open-dagen-heide-resort-bruggen-2-en-3-mei","status":"publish","type":"post","link":"https:\/\/www.dd-secondhome.nl\/de\/open-dagen-heide-resort-bruggen-2-en-3-mei\/","title":{"rendered":"Tag der offenen T\u00fcr Heide Resort Br\u00fcggen 2. und 3. Mai"},"content":{"rendered":"<p class=\"font-claude-response-body break-words whitespace-normal leading-[1.7]\">Wir laden Sie herzlich zu den kommenden Tag der offenen T\u00fcr im Heide Resort Br\u00fcggen ein \u2013 am Samstag, den 2. Mai, und Sonntag, den 3. Mai, jeweils von 10:00 bis 17:00 Uhr.<\/p>\n<p class=\"font-claude-response-body break-words whitespace-normal leading-[1.7]\"><a class=\"underline underline underline-offset-2 decoration-1 decoration-current\/40 hover:decoration-current focus:decoration-current\" href=\"https:\/\/heide-camp-resort.de\/anmelden-tag-der-offenen-tur\/\">Anmelden Tag der offenen T\u00fcr \u2013 Heide Resort (heide-camp-resort.de)<\/a><\/p>\n<p class=\"font-claude-response-body break-words whitespace-normal leading-[1.7]\">Die ersten Ferienh\u00e4user sind aufgestellt \u2013 touristische Stellpl\u00e4tze sind bereit f\u00fcr die Er\u00f6ffnung \u2013 3 Musterh\u00e4user mit brandneuen Einrichtungspaketen k\u00f6nnen besichtigt werden!<\/p>\n<p class=\"font-claude-response-body break-words whitespace-normal leading-[1.7]\">Wir laden Sie herzlich ein, die Freiheit dieses wundersch\u00f6nen Resorts zu entdecken und Teil der exklusiven Gemeinschaft im Heide Resort zu werden. Besuchen Sie uns am 2. oder 3. Mai zwischen 10:00 und 17:00 Uhr und erleben Sie das Resort hautnah!<\/p>\n<p class=\"font-claude-response-body break-words whitespace-normal leading-[1.7]\">\ud83d\udc49 Melden Sie sich jetzt unverbindlich \u00fcber diesen <a class=\"underline underline underline-offset-2 decoration-1 decoration-current\/40 hover:decoration-current focus:decoration-current\" href=\"https:\/\/heide-camp-resort.de\/anmelden-tag-der-offenen-tur\/\">Link<\/a> an<\/p>\n<p class=\"font-claude-response-body break-words whitespace-normal leading-[1.7]\">\ud83c\udf33 Heide Resort. Wo Luxus und Natur zusammenkommen:<\/p>\n<ul class=\"[li_&amp;]:mb-0 [li_&amp;]:mt-1 [li_&amp;]:gap-1 [&amp;:not(:last-child)_ul]:pb-1 [&amp;:not(:last-child)_ol]:pb-1 list-disc flex flex-col gap-1 pl-8 mb-3\">\n<li class=\"whitespace-normal break-words pl-2\">Genie\u00dfen Sie ein eigenes Ferienhaus direkt am Brachter Wald<\/li>\n<li class=\"whitespace-normal break-words pl-2\">Wundersch\u00f6ne Umgebung mit zauberhaften Seen<\/li>\n<li class=\"whitespace-normal break-words pl-2\">Das charmante St\u00e4dtchen Br\u00fcggen \u2013 ein kulinarisches und historisches Erlebnis<\/li>\n<li class=\"whitespace-normal break-words pl-2\">Idyllische Fahrradrouten durch Natur und Kultur<\/li>\n<li class=\"whitespace-normal break-words pl-2\">Zentrale Lage: in der N\u00e4he gro\u00dfer St\u00e4dte und des Designer Outlet Roermond<\/li>\n<\/ul>\n<p class=\"font-claude-response-body break-words whitespace-normal leading-[1.7]\">Flexible Nutzungsm\u00f6glichkeiten: Eigennutzung oder Vermietung. Sie entscheiden selbst, wie viele Wochen Sie Ihr Haus nutzen oder vermieten. Bei Vermietung ist zudem eine R\u00fcckerstattung der Mehrwertsteuer m\u00f6glich!<\/p>\n<p class=\"font-claude-response-body break-words whitespace-normal leading-[1.7]\">Wir hoffen, Sie im Heide Resort Br\u00fcggen begr\u00fc\u00dfen zu d\u00fcrfen!<\/p>\n<p>Heide Resort Br\u00fcggen<br \/>\nSankt-Barbara-Strasse 43<\/p>\n<p>41379 Br\u00fcggen<\/p>\n<p><img fetchpriority=\"high\" decoding=\"async\" class=\"alignnone size-medium wp-image-10601\" src=\"https:\/\/www.dd-secondhome.nl\/wp-content\/uploads\/2024\/06\/Heide-Camp-Bruggen-alle-modelle-300x169.png\" alt=\"\" width=\"300\" height=\"169\" srcset=\"https:\/\/www.dd-secondhome.nl\/wp-content\/uploads\/2024\/06\/Heide-Camp-Bruggen-alle-modelle-300x169.png 300w, https:\/\/www.dd-secondhome.nl\/wp-content\/uploads\/2024\/06\/Heide-Camp-Bruggen-alle-modelle-1024x576.png 1024w, https:\/\/www.dd-secondhome.nl\/wp-content\/uploads\/2024\/06\/Heide-Camp-Bruggen-alle-modelle-768x432.png 768w, https:\/\/www.dd-secondhome.nl\/wp-content\/uploads\/2024\/06\/Heide-Camp-Bruggen-alle-modelle-1536x864.png 1536w, https:\/\/www.dd-secondhome.nl\/wp-content\/uploads\/2024\/06\/Heide-Camp-Bruggen-alle-modelle-2048x1152.png 2048w\" sizes=\"(max-width: 300px) 100vw, 300px\" \/><\/p>\n","protected":false},"excerpt":{"rendered":"<p>Wir laden Sie herzlich zu den kommenden Tag der offenen T\u00fcr im Heide Resort Br\u00fcggen ein \u2013 am Samstag, den 2. Mai, und Sonntag, den 3. Mai, jeweils von 10:00 bis 17:00 Uhr. Anmelden Tag der offenen T\u00fcr \u2013 Heide Resort (heide-camp-resort.de) Die ersten Ferienh\u00e4user sind aufgestellt \u2013 touristische Stellpl\u00e4tze sind bereit f\u00fcr die Er\u00f6ffnung [&hellip;]<\/p>\n","protected":false},"author":2,"featured_media":13501,"comment_status":"closed","ping_status":"closed","sticky":false,"template":"","format":"standard","meta":{"_acf_changed":false,"footnotes":""},"categories":[29],"tags":[],"class_list":["post-15095","post","type-post","status-publish","format-standard","has-post-thumbnail","hentry","category-neu"],"acf":[],"yoast_head":"<!-- This site is optimized with the Yoast SEO plugin v25.4 - https:\/\/yoast.com\/wordpress\/plugins\/seo\/ -->\n<title>Tag der offenen T\u00fcr Heide Resort Br\u00fcggen 2. und 3. Mai - D&amp;D Second Home<\/title>\n<meta name=\"robots\" content=\"index, follow, max-snippet:-1, max-image-preview:large, max-video-preview:-1\" \/>\n<link rel=\"canonical\" href=\"https:\/\/www.dd-secondhome.nl\/de\/open-dagen-heide-resort-bruggen-2-en-3-mei\/\" \/>\n<meta property=\"og:locale\" content=\"de_DE\" \/>\n<meta property=\"og:type\" content=\"article\" \/>\n<meta property=\"og:title\" content=\"Tag der offenen T\u00fcr Heide Resort Br\u00fcggen 2. und 3. Mai - D&amp;D Second Home\" \/>\n<meta property=\"og:description\" content=\"Wir laden Sie herzlich zu den kommenden Tag der offenen T\u00fcr im Heide Resort Br\u00fcggen ein \u2013 am Samstag, den 2. Mai, und Sonntag, den 3. Mai, jeweils von 10:00 bis 17:00 Uhr. Anmelden Tag der offenen T\u00fcr \u2013 Heide Resort (heide-camp-resort.de) Die ersten Ferienh\u00e4user sind aufgestellt \u2013 touristische Stellpl\u00e4tze sind bereit f\u00fcr die Er\u00f6ffnung [&hellip;]\" \/>\n<meta property=\"og:url\" content=\"https:\/\/www.dd-secondhome.nl\/de\/open-dagen-heide-resort-bruggen-2-en-3-mei\/\" \/>\n<meta property=\"og:site_name\" content=\"D&amp;D Second Home\" \/>\n<meta property=\"article:published_time\" content=\"2026-04-30T13:13:40+00:00\" \/>\n<meta property=\"og:image\" content=\"https:\/\/www.dd-secondhome.nl\/wp-content\/uploads\/2025\/05\/1_12-Photo.jpg\" \/>\n\t<meta property=\"og:image:width\" content=\"1024\" \/>\n\t<meta property=\"og:image:height\" content=\"576\" \/>\n\t<meta property=\"og:image:type\" content=\"image\/jpeg\" \/>\n<meta name=\"author\" content=\"Simone\" \/>\n<meta name=\"twitter:card\" content=\"summary_large_image\" \/>\n<meta name=\"twitter:label1\" content=\"Verfasst von\" \/>\n\t<meta name=\"twitter:data1\" content=\"Simone\" \/>\n\t<meta name=\"twitter:label2\" content=\"Gesch\u00e4tzte Lesezeit\" \/>\n\t<meta name=\"twitter:data2\" content=\"2\u00a0Minuten\" \/>\n<script type=\"application\/ld+json\" class=\"yoast-schema-graph\">{\"@context\":\"https:\/\/schema.org\",\"@graph\":[{\"@type\":\"WebPage\",\"@id\":\"https:\/\/www.dd-secondhome.nl\/de\/open-dagen-heide-resort-bruggen-2-en-3-mei\/\",\"url\":\"https:\/\/www.dd-secondhome.nl\/de\/open-dagen-heide-resort-bruggen-2-en-3-mei\/\",\"name\":\"Tag der offenen T\u00fcr Heide Resort Br\u00fcggen 2. und 3. Mai - D&amp;D Second Home\",\"isPartOf\":{\"@id\":\"https:\/\/www.dd-secondhome.nl\/de\/#website\"},\"primaryImageOfPage\":{\"@id\":\"https:\/\/www.dd-secondhome.nl\/de\/open-dagen-heide-resort-bruggen-2-en-3-mei\/#primaryimage\"},\"image\":{\"@id\":\"https:\/\/www.dd-secondhome.nl\/de\/open-dagen-heide-resort-bruggen-2-en-3-mei\/#primaryimage\"},\"thumbnailUrl\":\"https:\/\/www.dd-secondhome.nl\/wp-content\/uploads\/2025\/05\/1_12-Photo.jpg\",\"datePublished\":\"2026-04-30T13:13:40+00:00\",\"author\":{\"@id\":\"https:\/\/www.dd-secondhome.nl\/de\/#\/schema\/person\/8de787f7f95dacaed4e600c389bb33c7\"},\"breadcrumb\":{\"@id\":\"https:\/\/www.dd-secondhome.nl\/de\/open-dagen-heide-resort-bruggen-2-en-3-mei\/#breadcrumb\"},\"inLanguage\":\"de\",\"potentialAction\":[{\"@type\":\"ReadAction\",\"target\":[\"https:\/\/www.dd-secondhome.nl\/de\/open-dagen-heide-resort-bruggen-2-en-3-mei\/\"]}]},{\"@type\":\"ImageObject\",\"inLanguage\":\"de\",\"@id\":\"https:\/\/www.dd-secondhome.nl\/de\/open-dagen-heide-resort-bruggen-2-en-3-mei\/#primaryimage\",\"url\":\"https:\/\/www.dd-secondhome.nl\/wp-content\/uploads\/2025\/05\/1_12-Photo.jpg\",\"contentUrl\":\"https:\/\/www.dd-secondhome.nl\/wp-content\/uploads\/2025\/05\/1_12-Photo.jpg\",\"width\":1024,\"height\":576},{\"@type\":\"BreadcrumbList\",\"@id\":\"https:\/\/www.dd-secondhome.nl\/de\/open-dagen-heide-resort-bruggen-2-en-3-mei\/#breadcrumb\",\"itemListElement\":[{\"@type\":\"ListItem\",\"position\":1,\"name\":\"Home\",\"item\":\"https:\/\/www.dd-secondhome.nl\/de\/\"},{\"@type\":\"ListItem\",\"position\":2,\"name\":\"Tag der offenen T\u00fcr Heide Resort Br\u00fcggen 2. und 3. Mai\"}]},{\"@type\":\"WebSite\",\"@id\":\"https:\/\/www.dd-secondhome.nl\/de\/#website\",\"url\":\"https:\/\/www.dd-secondhome.nl\/de\/\",\"name\":\"D&amp;D Second Home\",\"description\":\"\",\"potentialAction\":[{\"@type\":\"SearchAction\",\"target\":{\"@type\":\"EntryPoint\",\"urlTemplate\":\"https:\/\/www.dd-secondhome.nl\/de\/?s={search_term_string}\"},\"query-input\":{\"@type\":\"PropertyValueSpecification\",\"valueRequired\":true,\"valueName\":\"search_term_string\"}}],\"inLanguage\":\"de\"},{\"@type\":\"Person\",\"@id\":\"https:\/\/www.dd-secondhome.nl\/de\/#\/schema\/person\/8de787f7f95dacaed4e600c389bb33c7\",\"name\":\"Simone\",\"image\":{\"@type\":\"ImageObject\",\"inLanguage\":\"de\",\"@id\":\"https:\/\/www.dd-secondhome.nl\/de\/#\/schema\/person\/image\/\",\"url\":\"https:\/\/secure.gravatar.com\/avatar\/cf5e5c2f1b2ff13ee0ae9d627260af5475fb7eec5fa84fa0c4179ab537847a8f?s=96&d=mm&r=g\",\"contentUrl\":\"https:\/\/secure.gravatar.com\/avatar\/cf5e5c2f1b2ff13ee0ae9d627260af5475fb7eec5fa84fa0c4179ab537847a8f?s=96&d=mm&r=g\",\"caption\":\"Simone\"},\"url\":\"https:\/\/www.dd-secondhome.nl\/de\/author\/simone\/\"}]}<\/script>\n<!-- \/ Yoast SEO plugin. -->","yoast_head_json":{"title":"Tag der offenen T\u00fcr Heide Resort Br\u00fcggen 2. und 3. Mai - D&amp;D Second Home","robots":{"index":"index","follow":"follow","max-snippet":"max-snippet:-1","max-image-preview":"max-image-preview:large","max-video-preview":"max-video-preview:-1"},"canonical":"https:\/\/www.dd-secondhome.nl\/de\/open-dagen-heide-resort-bruggen-2-en-3-mei\/","og_locale":"de_DE","og_type":"article","og_title":"Tag der offenen T\u00fcr Heide Resort Br\u00fcggen 2. und 3. Mai - D&amp;D Second Home","og_description":"Wir laden Sie herzlich zu den kommenden Tag der offenen T\u00fcr im Heide Resort Br\u00fcggen ein \u2013 am Samstag, den 2. Mai, und Sonntag, den 3. Mai, jeweils von 10:00 bis 17:00 Uhr. Anmelden Tag der offenen T\u00fcr \u2013 Heide Resort (heide-camp-resort.de) Die ersten Ferienh\u00e4user sind aufgestellt \u2013 touristische Stellpl\u00e4tze sind bereit f\u00fcr die Er\u00f6ffnung [&hellip;]","og_url":"https:\/\/www.dd-secondhome.nl\/de\/open-dagen-heide-resort-bruggen-2-en-3-mei\/","og_site_name":"D&amp;D Second Home","article_published_time":"2026-04-30T13:13:40+00:00","og_image":[{"width":1024,"height":576,"url":"https:\/\/www.dd-secondhome.nl\/wp-content\/uploads\/2025\/05\/1_12-Photo.jpg","type":"image\/jpeg"}],"author":"Simone","twitter_card":"summary_large_image","twitter_misc":{"Verfasst von":"Simone","Gesch\u00e4tzte Lesezeit":"2\u00a0Minuten"},"schema":{"@context":"https:\/\/schema.org","@graph":[{"@type":"WebPage","@id":"https:\/\/www.dd-secondhome.nl\/de\/open-dagen-heide-resort-bruggen-2-en-3-mei\/","url":"https:\/\/www.dd-secondhome.nl\/de\/open-dagen-heide-resort-bruggen-2-en-3-mei\/","name":"Tag der offenen T\u00fcr Heide Resort Br\u00fcggen 2. und 3. Mai - D&amp;D Second Home","isPartOf":{"@id":"https:\/\/www.dd-secondhome.nl\/de\/#website"},"primaryImageOfPage":{"@id":"https:\/\/www.dd-secondhome.nl\/de\/open-dagen-heide-resort-bruggen-2-en-3-mei\/#primaryimage"},"image":{"@id":"https:\/\/www.dd-secondhome.nl\/de\/open-dagen-heide-resort-bruggen-2-en-3-mei\/#primaryimage"},"thumbnailUrl":"https:\/\/www.dd-secondhome.nl\/wp-content\/uploads\/2025\/05\/1_12-Photo.jpg","datePublished":"2026-04-30T13:13:40+00:00","author":{"@id":"https:\/\/www.dd-secondhome.nl\/de\/#\/schema\/person\/8de787f7f95dacaed4e600c389bb33c7"},"breadcrumb":{"@id":"https:\/\/www.dd-secondhome.nl\/de\/open-dagen-heide-resort-bruggen-2-en-3-mei\/#breadcrumb"},"inLanguage":"de","potentialAction":[{"@type":"ReadAction","target":["https:\/\/www.dd-secondhome.nl\/de\/open-dagen-heide-resort-bruggen-2-en-3-mei\/"]}]},{"@type":"ImageObject","inLanguage":"de","@id":"https:\/\/www.dd-secondhome.nl\/de\/open-dagen-heide-resort-bruggen-2-en-3-mei\/#primaryimage","url":"https:\/\/www.dd-secondhome.nl\/wp-content\/uploads\/2025\/05\/1_12-Photo.jpg","contentUrl":"https:\/\/www.dd-secondhome.nl\/wp-content\/uploads\/2025\/05\/1_12-Photo.jpg","width":1024,"height":576},{"@type":"BreadcrumbList","@id":"https:\/\/www.dd-secondhome.nl\/de\/open-dagen-heide-resort-bruggen-2-en-3-mei\/#breadcrumb","itemListElement":[{"@type":"ListItem","position":1,"name":"Home","item":"https:\/\/www.dd-secondhome.nl\/de\/"},{"@type":"ListItem","position":2,"name":"Tag der offenen T\u00fcr Heide Resort Br\u00fcggen 2. und 3. Mai"}]},{"@type":"WebSite","@id":"https:\/\/www.dd-secondhome.nl\/de\/#website","url":"https:\/\/www.dd-secondhome.nl\/de\/","name":"D&amp;D Second Home","description":"","potentialAction":[{"@type":"SearchAction","target":{"@type":"EntryPoint","urlTemplate":"https:\/\/www.dd-secondhome.nl\/de\/?s={search_term_string}"},"query-input":{"@type":"PropertyValueSpecification","valueRequired":true,"valueName":"search_term_string"}}],"inLanguage":"de"},{"@type":"Person","@id":"https:\/\/www.dd-secondhome.nl\/de\/#\/schema\/person\/8de787f7f95dacaed4e600c389bb33c7","name":"Simone","image":{"@type":"ImageObject","inLanguage":"de","@id":"https:\/\/www.dd-secondhome.nl\/de\/#\/schema\/person\/image\/","url":"https:\/\/secure.gravatar.com\/avatar\/cf5e5c2f1b2ff13ee0ae9d627260af5475fb7eec5fa84fa0c4179ab537847a8f?s=96&d=mm&r=g","contentUrl":"https:\/\/secure.gravatar.com\/avatar\/cf5e5c2f1b2ff13ee0ae9d627260af5475fb7eec5fa84fa0c4179ab537847a8f?s=96&d=mm&r=g","caption":"Simone"},"url":"https:\/\/www.dd-secondhome.nl\/de\/author\/simone\/"}]}},"_links":{"self":[{"href":"https:\/\/www.dd-secondhome.nl\/de\/wp-json\/wp\/v2\/posts\/15095","targetHints":{"allow":["GET"]}}],"collection":[{"href":"https:\/\/www.dd-secondhome.nl\/de\/wp-json\/wp\/v2\/posts"}],"about":[{"href":"https:\/\/www.dd-secondhome.nl\/de\/wp-json\/wp\/v2\/types\/post"}],"author":[{"embeddable":true,"href":"https:\/\/www.dd-secondhome.nl\/de\/wp-json\/wp\/v2\/users\/2"}],"replies":[{"embeddable":true,"href":"https:\/\/www.dd-secondhome.nl\/de\/wp-json\/wp\/v2\/comments?post=15095"}],"version-history":[{"count":2,"href":"https:\/\/www.dd-secondhome.nl\/de\/wp-json\/wp\/v2\/posts\/15095\/revisions"}],"predecessor-version":[{"id":15098,"href":"https:\/\/www.dd-secondhome.nl\/de\/wp-json\/wp\/v2\/posts\/15095\/revisions\/15098"}],"wp:featuredmedia":[{"embeddable":true,"href":"https:\/\/www.dd-secondhome.nl\/de\/wp-json\/wp\/v2\/media\/13501"}],"wp:attachment":[{"href":"https:\/\/www.dd-secondhome.nl\/de\/wp-json\/wp\/v2\/media?parent=15095"}],"wp:term":[{"taxonomy":"category","embeddable":true,"href":"https:\/\/www.dd-secondhome.nl\/de\/wp-json\/wp\/v2\/categories?post=15095"},{"taxonomy":"post_tag","embeddable":true,"href":"https:\/\/www.dd-secondhome.nl\/de\/wp-json\/wp\/v2\/tags?post=15095"}],"curies":[{"name":"wp","href":"https:\/\/api.w.org\/{rel}","templated":true}]}}